{"id":15492,"date":"2023-10-24T11:56:30","date_gmt":"2023-10-24T09:56:30","guid":{"rendered":"https:\/\/eeclectic.de\/?p=15492"},"modified":"2023-10-24T14:04:58","modified_gmt":"2023-10-24T12:04:58","slug":"eeclectic-vienna-art-book-fair","status":"publish","type":"post","link":"https:\/\/eeclectic.de\/en\/eeclectic-vienna-art-book-fair\/","title":{"rendered":"EECLECTIC @Vienna Art Book Fair"},"content":{"rendered":"<figure class=\"wp-block-image size-large\"><img loading=\"lazy\" decoding=\"async\" width=\"2000\" height=\"1500\" src=\"https:\/\/eeclectic.de\/wp-content\/uploads\/2023\/10\/img-0380-2-2000x1500.jpg\" alt=\"\" class=\"wp-image-15493\" srcset=\"https:\/\/eeclectic.de\/wp-content\/uploads\/2023\/10\/img-0380-2-2000x1500.jpg 2000w, https:\/\/eeclectic.de\/wp-content\/uploads\/2023\/10\/img-0380-2-500x375.jpg 500w, https:\/\/eeclectic.de\/wp-content\/uploads\/2023\/10\/img-0380-2-768x576.jpg 768w, https:\/\/eeclectic.de\/wp-content\/uploads\/2023\/10\/img-0380-2-1536x1152.jpg 1536w, https:\/\/eeclectic.de\/wp-content\/uploads\/2023\/10\/img-0380-2-2048x1536.jpg 2048w, https:\/\/eeclectic.de\/wp-content\/uploads\/2023\/10\/img-0380-2-350x263.jpg 350w, https:\/\/eeclectic.de\/wp-content\/uploads\/2023\/10\/img-0380-2-600x450.jpg 600w\" sizes=\"auto, (max-width: 2000px) 100vw, 2000px\" \/><figcaption class=\"wp-element-caption\"><small>Vienna Art Book Fair 2023<\/small><\/figcaption><\/figure>\r\n\r\n\r\n\r\n<p><strong>Fri 20 \u2013 Sun 22 October<\/strong><\/p>\r\n\r\n\r\n\r\n<p>Over the course of three days the Vienna Art Book Fair #2 provides a platform for artists, collectives, self-publishers, small publishing houses, antiquarian booksellers, art libraries, institutions, printers, collectors and for all those who are dedicated to the medium of the book. <\/p>\r\n\r\n\r\n\r\n<p>Die Angewandte \u2013 University of Applied Arts Vienna <br>Vordere Zollamtsstra\u00dfe 7, 1030 Vienna, Austria<\/p>\r\n\r\n\r\n\r\n<p>Friday, Oct 20, 5 \u2013 9 pm<br>Saturday, Oct 21, 1 \u2013 7 pm<br>Sunday, Oct 22, 12 \u2013 6 pm<\/p>\r\n\r\n\r\n\r\n<p><\/p>\r\n\r\n\r\n\r\n<p><strong>\ud83d\udd25E-Book-Pr\u00e4sentation und Gespr\u00e4ch<\/strong><br>Verplaatst auf der @viennaartbookfair \ud83d\udcda<\/p>\r\n\r\n\r\n\r\n<p>Sonntag, 22. Oktober 2023<br>14:30 Uhr<br>@viennaartbookfair<br>Project Room 3<br>Die Angewandte &#8211; University of Applied Arts Vienna<br>Vordere Zollamtsstra\u00dfe 7<br>1030 Wien, \u00d6sterreich<br>viennaartbookfair.com<br>Freier Eintritt<\/p>\r\n\r\n\r\n\r\n<p><strong>Verplaatst \u2013 E-Book zum st\u00e4dtebaulichen Wandel der Stadt Rotterdams \ud83d\udcf7<\/strong><br>Die K\u00fcnstlerin Annette Kisling im Gespr\u00e4ch mit Kunst- und Kulturwissenschaftlerin Regine Ehleiter \u00fcber die umfangreiche fotografische Reihe Verplaatst, die einen komplexen Eindruck der st\u00e4dtebaulichen und zugleich gesellschaftlichen Ver\u00e4nderung Rotterdams wiedergibt. Annette Kislings k\u00fcnstlerisches Werk umfasst zahlreiche fotografische Reihen, die ihre Auseinandersetzung mit der vielschichtigen Bedeutung der uns umgebenden Architektur wiedergeben. Verplaatst ist 2023 bei EECLECTIC erschienen.<\/p>\r\n\r\n\r\n\r\n<p>Lesenswert dazu die sch\u00f6ne Besprechung von Carolin F\u00f6rster in der Camera Austria 163\/2023<br>\u201eDie Besonderheit einer digitalen k\u00fcnstlerischen Publikation liegt nicht unbedingt in der Bereitstellung besonderer technischer oder audiovisueller Anwendungen, wie Verplaatst eindringlich zeigt. Schlie\u00dflich verzichtet Kisling zugunsten des Bildes auf jede Erl\u00e4uterung zu Geodaten ,Bauten, Architekt*innen. Auf das Format selbst bezogen ist es die wendig-flexible Navigation auf verschiedenen Ger\u00e4ten \u2013 Smartphone, Tablet, Rechner \u2013, die eine andere Rezeption der Inhalte formen k\u00f6nnte. Dazu tritt mit der digitalen Distribution eine andere Logistik. Grunds\u00e4tzlich er\u00f6ffnet das E-Book Optionen \u2013 kein Ersatz f\u00fcr das Fotobuch, sondern eine Variation.\u201d<\/p>\r\n\r\n\r\n\r\n<p>Mit weiteren Publikationen von: @matthew___cowan @economicwords @jana_mueller_berlin @reginesteenbock #eineflexiblefrau<br>@emmawolfhaugh @berlinerhefte<\/p>\r\n\r\n\r\n\r\n<p>@reginee @annette.kisling @cameraaustriagraz @viennaartbookfair<\/p>\r\n\r\n\r\n\r\n<p>eeclectic #viennaartbookfair #artbookfair #vienna #annettekisling #verplaatst #independentpublishing #indieverlag #supportindependentpublishing #supportsmallpublishers<\/p>","protected":false},"excerpt":{"rendered":"<p>Fr, 20. \u2013 So, 22. Oktober Die Wiener Kunstbuchmesse #2 bietet drei Tage lang eine Plattform f\u00fcr K\u00fcnstler*innen, Kollektive, Selbstverleger*innen, Kleinverlage, Antiquariate, Kunstbibliotheken, Institutionen, Druckereien, Sammler*innen und f\u00fcr alle, die sich dem Medium Buch verschrieben haben. Die Angewandte Vordere Zollamtsstra\u00dfe 7, 1030 Wien, \u00d6sterreich Freitag, Okt. 20, 17 \u2013 21 UhrSamstag, Okt. 21, 13 \u2013 [&hellip;]<\/p>\n","protected":false},"author":3,"featured_media":0,"comment_status":"closed","ping_status":"closed","sticky":false,"template":"","format":"standard","meta":{"inline_featured_image":false,"site-sidebar-layout":"default","site-content-layout":"default","ast-site-content-layout":"","site-content-style":"default","site-sidebar-style":"default","ast-global-header-display":"","ast-banner-title-visibility":"","ast-main-header-display":"","ast-hfb-above-header-display":"","ast-hfb-below-header-display":"","ast-hfb-mobile-header-display":"","site-post-title":"","ast-breadcrumbs-content":"","ast-featured-img":"","footer-sml-layout":"","theme-transparent-header-meta":"default","adv-header-id-meta":"","stick-header-meta":"default","header-above-stick-meta":"","header-main-stick-meta":"","header-below-stick-meta":"","astra-migrate-meta-layouts":"default","ast-page-background-enabled":"default","ast-page-background-meta":{"desktop":{"background-color":"var(--ast-global-color-4)","background-image":"","background-repeat":"repeat","background-position":"center center","background-size":"auto","background-attachment":"scroll","background-type":"","background-media":"","overlay-type":"","overlay-color":"","overlay-opacity":"","overlay-gradient":""},"tablet":{"background-color":"","background-image":"","background-repeat":"repeat","background-position":"center center","background-size":"auto","background-attachment":"scroll","background-type":"","background-media":"","overlay-type":"","overlay-color":"","overlay-opacity":"","overlay-gradient":""},"mobile":{"background-color":"","background-image":"","background-repeat":"repeat","background-position":"center center","background-size":"auto","background-attachment":"scroll","background-type":"","background-media":"","overlay-type":"","overlay-color":"","overlay-opacity":"","overlay-gradient":""}},"ast-content-background-meta":{"desktop":{"background-color":"var(--ast-global-color-5)","background-image":"","background-repeat":"repeat","background-position":"center center","background-size":"auto","background-attachment":"scroll","background-type":"","background-media":"","overlay-type":"","overlay-color":"","overlay-opacity":"","overlay-gradient":""},"tablet":{"background-color":"var(--ast-global-color-5)","background-image":"","background-repeat":"repeat","background-position":"center center","background-size":"auto","background-attachment":"scroll","background-type":"","background-media":"","overlay-type":"","overlay-color":"","overlay-opacity":"","overlay-gradient":""},"mobile":{"background-color":"var(--ast-global-color-5)","background-image":"","background-repeat":"repeat","background-position":"center center","background-size":"auto","background-attachment":"scroll","background-type":"","background-media":"","overlay-type":"","overlay-color":"","overlay-opacity":"","overlay-gradient":""}},"footnotes":""},"categories":[1],"tags":[],"class_list":["post-15492","post","type-post","status-publish","format-standard","hentry","category-allgemein"],"acf":[],"yoast_head":"<!-- This site is optimized with the Yoast SEO plugin v25.3 - https:\/\/yoast.com\/wordpress\/plugins\/seo\/ -->\n<title>EECLECTIC @Vienna Art Book Fair &#8211; EECLECTIC<\/title>\n<meta name=\"robots\" content=\"index, follow, max-snippet:-1, max-image-preview:large, max-video-preview:-1\" \/>\n<link rel=\"canonical\" href=\"https:\/\/eeclectic.de\/en\/eeclectic-vienna-art-book-fair\/\" \/>\n<meta property=\"og:locale\" content=\"en_US\" \/>\n<meta property=\"og:type\" content=\"article\" \/>\n<meta property=\"og:title\" content=\"EECLECTIC @Vienna Art Book Fair &#8211; EECLECTIC\" \/>\n<meta property=\"og:description\" content=\"Fr, 20. \u2013 So, 22. Oktober Die Wiener Kunstbuchmesse #2 bietet drei Tage lang eine Plattform f\u00fcr K\u00fcnstler*innen, Kollektive, Selbstverleger*innen, Kleinverlage, Antiquariate, Kunstbibliotheken, Institutionen, Druckereien, Sammler*innen und f\u00fcr alle, die sich dem Medium Buch verschrieben haben. Die Angewandte Vordere Zollamtsstra\u00dfe 7, 1030 Wien, \u00d6sterreich Freitag, Okt. 20, 17 \u2013 21 UhrSamstag, Okt. 21, 13 \u2013 [&hellip;]\" \/>\n<meta property=\"og:url\" content=\"https:\/\/eeclectic.de\/en\/eeclectic-vienna-art-book-fair\/\" \/>\n<meta property=\"og:site_name\" content=\"EECLECTIC\" \/>\n<meta property=\"article:published_time\" content=\"2023-10-24T09:56:30+00:00\" \/>\n<meta property=\"article:modified_time\" content=\"2023-10-24T12:04:58+00:00\" \/>\n<meta property=\"og:image\" content=\"https:\/\/eeclectic.de\/wp-content\/uploads\/2023\/10\/img-0380-2-2000x1500.jpg\" \/>\n<meta name=\"author\" content=\"janine\" \/>\n<meta name=\"twitter:card\" content=\"summary_large_image\" \/>\n<meta name=\"twitter:label1\" content=\"Written by\" \/>\n\t<meta name=\"twitter:data1\" content=\"janine\" \/>\n\t<meta name=\"twitter:label2\" content=\"Est. reading time\" \/>\n\t<meta name=\"twitter:data2\" content=\"1 minute\" \/>\n<script type=\"application\/ld+json\" class=\"yoast-schema-graph\">{\"@context\":\"https:\/\/schema.org\",\"@graph\":[{\"@type\":\"Article\",\"@id\":\"https:\/\/eeclectic.de\/eeclectic-vienna-art-book-fair\/#article\",\"isPartOf\":{\"@id\":\"https:\/\/eeclectic.de\/eeclectic-vienna-art-book-fair\/\"},\"author\":{\"name\":\"janine\",\"@id\":\"https:\/\/eeclectic.de\/#\/schema\/person\/16c028fa621a9535e208da57a8aeec9d\"},\"headline\":\"EECLECTIC @Vienna Art Book Fair\",\"datePublished\":\"2023-10-24T09:56:30+00:00\",\"dateModified\":\"2023-10-24T12:04:58+00:00\",\"mainEntityOfPage\":{\"@id\":\"https:\/\/eeclectic.de\/eeclectic-vienna-art-book-fair\/\"},\"wordCount\":589,\"publisher\":{\"@id\":\"https:\/\/eeclectic.de\/#organization\"},\"image\":{\"@id\":\"https:\/\/eeclectic.de\/eeclectic-vienna-art-book-fair\/#primaryimage\"},\"thumbnailUrl\":\"https:\/\/eeclectic.de\/wp-content\/uploads\/2023\/10\/img-0380-2-2000x1500.jpg\",\"articleSection\":[\"Allgemein\"],\"inLanguage\":\"en-US\"},{\"@type\":\"WebPage\",\"@id\":\"https:\/\/eeclectic.de\/en\/eeclectic-vienna-art-book-fair\/\",\"url\":\"https:\/\/eeclectic.de\/en\/eeclectic-vienna-art-book-fair\/\",\"name\":\"EECLECTIC @Vienna Art Book Fair &#8211; EECLECTIC\",\"isPartOf\":{\"@id\":\"https:\/\/eeclectic.de\/en\/#website\"},\"primaryImageOfPage\":{\"@id\":\"https:\/\/eeclectic.de\/en\/eeclectic-vienna-art-book-fair\/#primaryimage\"},\"image\":{\"@id\":\"https:\/\/eeclectic.de\/eeclectic-vienna-art-book-fair\/#primaryimage\"},\"thumbnailUrl\":\"https:\/\/eeclectic.de\/wp-content\/uploads\/2023\/10\/img-0380-2-2000x1500.jpg\",\"datePublished\":\"2023-10-24T09:56:30+00:00\",\"dateModified\":\"2023-10-24T12:04:58+00:00\",\"breadcrumb\":{\"@id\":\"https:\/\/eeclectic.de\/en\/eeclectic-vienna-art-book-fair\/#breadcrumb\"},\"inLanguage\":\"en-US\",\"potentialAction\":[{\"@type\":\"ReadAction\",\"target\":[[\"https:\/\/eeclectic.de\/en\/eeclectic-vienna-art-book-fair\/\"]]}]},{\"@type\":\"ImageObject\",\"inLanguage\":\"en-US\",\"@id\":\"https:\/\/eeclectic.de\/en\/eeclectic-vienna-art-book-fair\/#primaryimage\",\"url\":\"https:\/\/eeclectic.de\/wp-content\/uploads\/2023\/10\/img-0380-2-2000x1500.jpg\",\"contentUrl\":\"https:\/\/eeclectic.de\/wp-content\/uploads\/2023\/10\/img-0380-2-2000x1500.jpg\"},{\"@type\":\"BreadcrumbList\",\"@id\":\"https:\/\/eeclectic.de\/en\/eeclectic-vienna-art-book-fair\/#breadcrumb\",\"itemListElement\":[{\"@type\":\"ListItem\",\"position\":1,\"name\":\"Home\",\"item\":\"https:\/\/eeclectic.de\/en\/\"},{\"@type\":\"ListItem\",\"position\":2,\"name\":\"EECLECTIC @Vienna Art Book Fair\"}]},{\"@type\":\"WebSite\",\"@id\":\"https:\/\/eeclectic.de\/en\/#website\",\"url\":\"https:\/\/eeclectic.de\/en\/\",\"name\":\"EECLECTIC\",\"description\":\"Digital Publishing for Visual Culture\",\"publisher\":{\"@id\":\"https:\/\/eeclectic.de\/en\/#organization\"},\"potentialAction\":[{\"@type\":\"SearchAction\",\"target\":{\"@type\":\"EntryPoint\",\"urlTemplate\":\"https:\/\/eeclectic.de\/en\/?s={search_term_string}\"},\"query-input\":{\"@type\":\"PropertyValueSpecification\",\"valueRequired\":true,\"valueName\":\"search_term_string\"}}],\"inLanguage\":\"en-US\"},{\"@type\":\"Organization\",\"@id\":\"https:\/\/eeclectic.de\/en\/#organization\",\"name\":\"EECLECTIC\",\"url\":\"https:\/\/eeclectic.de\/en\/\",\"logo\":{\"@type\":\"ImageObject\",\"inLanguage\":\"en-US\",\"@id\":\"https:\/\/eeclectic.de\/en\/#\/schema\/logo\/image\/\",\"url\":\"https:\/\/eeclectic.de\/wp-content\/uploads\/2018\/03\/ee-logo.svg\",\"contentUrl\":\"https:\/\/eeclectic.de\/wp-content\/uploads\/2018\/03\/ee-logo.svg\",\"caption\":\"EECLECTIC\"},\"image\":{\"@id\":\"https:\/\/eeclectic.de\/en\/#\/schema\/logo\/image\/\"}},{\"@type\":\"Person\",\"@id\":\"https:\/\/eeclectic.de\/#\/schema\/person\/16c028fa621a9535e208da57a8aeec9d\",\"name\":\"janine\",\"image\":{\"@type\":\"ImageObject\",\"inLanguage\":\"en-US\",\"@id\":\"https:\/\/eeclectic.de\/en\/#\/schema\/person\/image\/\",\"url\":\"https:\/\/secure.gravatar.com\/avatar\/a779ac6e5cf498bf231c9f81f889d9b5a9f28e60dcc188ac29549dd2c60b76c3?s=96&d=mm&r=g\",\"contentUrl\":\"https:\/\/secure.gravatar.com\/avatar\/a779ac6e5cf498bf231c9f81f889d9b5a9f28e60dcc188ac29549dd2c60b76c3?s=96&d=mm&r=g\",\"caption\":\"janine\"}}]}<\/script>\n<!-- \/ Yoast SEO plugin. -->","yoast_head_json":{"title":"EECLECTIC @Vienna Art Book Fair &#8211; EECLECTIC","robots":{"index":"index","follow":"follow","max-snippet":"max-snippet:-1","max-image-preview":"max-image-preview:large","max-video-preview":"max-video-preview:-1"},"canonical":"https:\/\/eeclectic.de\/en\/eeclectic-vienna-art-book-fair\/","og_locale":"en_US","og_type":"article","og_title":"EECLECTIC @Vienna Art Book Fair &#8211; EECLECTIC","og_description":"Fr, 20. \u2013 So, 22. Oktober Die Wiener Kunstbuchmesse #2 bietet drei Tage lang eine Plattform f\u00fcr K\u00fcnstler*innen, Kollektive, Selbstverleger*innen, Kleinverlage, Antiquariate, Kunstbibliotheken, Institutionen, Druckereien, Sammler*innen und f\u00fcr alle, die sich dem Medium Buch verschrieben haben. Die Angewandte Vordere Zollamtsstra\u00dfe 7, 1030 Wien, \u00d6sterreich Freitag, Okt. 20, 17 \u2013 21 UhrSamstag, Okt. 21, 13 \u2013 [&hellip;]","og_url":"https:\/\/eeclectic.de\/en\/eeclectic-vienna-art-book-fair\/","og_site_name":"EECLECTIC","article_published_time":"2023-10-24T09:56:30+00:00","article_modified_time":"2023-10-24T12:04:58+00:00","og_image":[{"url":"https:\/\/eeclectic.de\/wp-content\/uploads\/2023\/10\/img-0380-2-2000x1500.jpg","type":"","width":"","height":""}],"author":"janine","twitter_card":"summary_large_image","twitter_misc":{"Written by":"janine","Est. reading time":"1 minute"},"schema":{"@context":"https:\/\/schema.org","@graph":[{"@type":"Article","@id":"https:\/\/eeclectic.de\/eeclectic-vienna-art-book-fair\/#article","isPartOf":{"@id":"https:\/\/eeclectic.de\/eeclectic-vienna-art-book-fair\/"},"author":{"name":"janine","@id":"https:\/\/eeclectic.de\/#\/schema\/person\/16c028fa621a9535e208da57a8aeec9d"},"headline":"EECLECTIC @Vienna Art Book Fair","datePublished":"2023-10-24T09:56:30+00:00","dateModified":"2023-10-24T12:04:58+00:00","mainEntityOfPage":{"@id":"https:\/\/eeclectic.de\/eeclectic-vienna-art-book-fair\/"},"wordCount":589,"publisher":{"@id":"https:\/\/eeclectic.de\/#organization"},"image":{"@id":"https:\/\/eeclectic.de\/eeclectic-vienna-art-book-fair\/#primaryimage"},"thumbnailUrl":"https:\/\/eeclectic.de\/wp-content\/uploads\/2023\/10\/img-0380-2-2000x1500.jpg","articleSection":["Allgemein"],"inLanguage":"en-US"},{"@type":"WebPage","@id":"https:\/\/eeclectic.de\/en\/eeclectic-vienna-art-book-fair\/","url":"https:\/\/eeclectic.de\/en\/eeclectic-vienna-art-book-fair\/","name":"EECLECTIC @Vienna Art Book Fair &#8211; EECLECTIC","isPartOf":{"@id":"https:\/\/eeclectic.de\/en\/#website"},"primaryImageOfPage":{"@id":"https:\/\/eeclectic.de\/en\/eeclectic-vienna-art-book-fair\/#primaryimage"},"image":{"@id":"https:\/\/eeclectic.de\/eeclectic-vienna-art-book-fair\/#primaryimage"},"thumbnailUrl":"https:\/\/eeclectic.de\/wp-content\/uploads\/2023\/10\/img-0380-2-2000x1500.jpg","datePublished":"2023-10-24T09:56:30+00:00","dateModified":"2023-10-24T12:04:58+00:00","breadcrumb":{"@id":"https:\/\/eeclectic.de\/en\/eeclectic-vienna-art-book-fair\/#breadcrumb"},"inLanguage":"en-US","potentialAction":[{"@type":"ReadAction","target":[["https:\/\/eeclectic.de\/en\/eeclectic-vienna-art-book-fair\/"]]}]},{"@type":"ImageObject","inLanguage":"en-US","@id":"https:\/\/eeclectic.de\/en\/eeclectic-vienna-art-book-fair\/#primaryimage","url":"https:\/\/eeclectic.de\/wp-content\/uploads\/2023\/10\/img-0380-2-2000x1500.jpg","contentUrl":"https:\/\/eeclectic.de\/wp-content\/uploads\/2023\/10\/img-0380-2-2000x1500.jpg"},{"@type":"BreadcrumbList","@id":"https:\/\/eeclectic.de\/en\/eeclectic-vienna-art-book-fair\/#breadcrumb","itemListElement":[{"@type":"ListItem","position":1,"name":"Home","item":"https:\/\/eeclectic.de\/en\/"},{"@type":"ListItem","position":2,"name":"EECLECTIC @Vienna Art Book Fair"}]},{"@type":"WebSite","@id":"https:\/\/eeclectic.de\/en\/#website","url":"https:\/\/eeclectic.de\/en\/","name":"EECLECTIC","description":"Digital Publishing for Visual Culture","publisher":{"@id":"https:\/\/eeclectic.de\/en\/#organization"},"potentialAction":[{"@type":"SearchAction","target":{"@type":"EntryPoint","urlTemplate":"https:\/\/eeclectic.de\/en\/?s={search_term_string}"},"query-input":{"@type":"PropertyValueSpecification","valueRequired":true,"valueName":"search_term_string"}}],"inLanguage":"en-US"},{"@type":"Organization","@id":"https:\/\/eeclectic.de\/en\/#organization","name":"EECLECTIC","url":"https:\/\/eeclectic.de\/en\/","logo":{"@type":"ImageObject","inLanguage":"en-US","@id":"https:\/\/eeclectic.de\/en\/#\/schema\/logo\/image\/","url":"https:\/\/eeclectic.de\/wp-content\/uploads\/2018\/03\/ee-logo.svg","contentUrl":"https:\/\/eeclectic.de\/wp-content\/uploads\/2018\/03\/ee-logo.svg","caption":"EECLECTIC"},"image":{"@id":"https:\/\/eeclectic.de\/en\/#\/schema\/logo\/image\/"}},{"@type":"Person","@id":"https:\/\/eeclectic.de\/#\/schema\/person\/16c028fa621a9535e208da57a8aeec9d","name":"janine","image":{"@type":"ImageObject","inLanguage":"en-US","@id":"https:\/\/eeclectic.de\/en\/#\/schema\/person\/image\/","url":"https:\/\/secure.gravatar.com\/avatar\/a779ac6e5cf498bf231c9f81f889d9b5a9f28e60dcc188ac29549dd2c60b76c3?s=96&d=mm&r=g","contentUrl":"https:\/\/secure.gravatar.com\/avatar\/a779ac6e5cf498bf231c9f81f889d9b5a9f28e60dcc188ac29549dd2c60b76c3?s=96&d=mm&r=g","caption":"janine"}}]}},"_links":{"self":[{"href":"https:\/\/eeclectic.de\/en\/wp-json\/wp\/v2\/posts\/15492","targetHints":{"allow":["GET"]}}],"collection":[{"href":"https:\/\/eeclectic.de\/en\/wp-json\/wp\/v2\/posts"}],"about":[{"href":"https:\/\/eeclectic.de\/en\/wp-json\/wp\/v2\/types\/post"}],"author":[{"embeddable":true,"href":"https:\/\/eeclectic.de\/en\/wp-json\/wp\/v2\/users\/3"}],"replies":[{"embeddable":true,"href":"https:\/\/eeclectic.de\/en\/wp-json\/wp\/v2\/comments?post=15492"}],"version-history":[{"count":8,"href":"https:\/\/eeclectic.de\/en\/wp-json\/wp\/v2\/posts\/15492\/revisions"}],"predecessor-version":[{"id":15508,"href":"https:\/\/eeclectic.de\/en\/wp-json\/wp\/v2\/posts\/15492\/revisions\/15508"}],"wp:attachment":[{"href":"https:\/\/eeclectic.de\/en\/wp-json\/wp\/v2\/media?parent=15492"}],"wp:term":[{"taxonomy":"category","embeddable":true,"href":"https:\/\/eeclectic.de\/en\/wp-json\/wp\/v2\/categories?post=15492"},{"taxonomy":"post_tag","embeddable":true,"href":"https:\/\/eeclectic.de\/en\/wp-json\/wp\/v2\/tags?post=15492"}],"curies":[{"name":"wp","href":"https:\/\/api.w.org\/{rel}","templated":true}]}}